{"id":690,"date":"2022-11-02T09:43:51","date_gmt":"2022-11-02T09:43:51","guid":{"rendered":"https:\/\/gartenstadtgaerten.ch\/?p=690"},"modified":"2022-11-02T09:43:51","modified_gmt":"2022-11-02T09:43:51","slug":"vereins-erntedankfest","status":"publish","type":"post","link":"https:\/\/gartenstadtgaerten.ch\/?p=690","title":{"rendered":"Vereins-Erntedankfest"},"content":{"rendered":"\n<p>Am 22. Oktober 2022 war es soweit. Wir durften zusammen im Gemeinschaftszentrum Unionplatz einen angenehmen Austausch \u00fcber das vollbrachte Jahr zelebrieren.<\/p>\n\n\n\n<figure class=\"wp-block-gallery has-nested-images columns-default is-cropped wp-block-gallery-1 is-layout-flex wp-block-gallery-is-layout-flex\">\n<figure class=\"wp-block-image size-large\"><img loading=\"lazy\" decoding=\"async\" width=\"576\" height=\"1024\" data-id=\"693\" src=\"https:\/\/gartenstadtgaerten.ch\/wp-content\/uploads\/2022\/11\/20221017_180556-576x1024.jpg\" alt=\"\" class=\"wp-image-693\" srcset=\"https:\/\/gartenstadtgaerten.ch\/wp-content\/uploads\/2022\/11\/20221017_180556-576x1024.jpg 576w, https:\/\/gartenstadtgaerten.ch\/wp-content\/uploads\/2022\/11\/20221017_180556-169x300.jpg 169w, https:\/\/gartenstadtgaerten.ch\/wp-content\/uploads\/2022\/11\/20221017_180556-768x1365.jpg 768w, https:\/\/gartenstadtgaerten.ch\/wp-content\/uploads\/2022\/11\/20221017_180556-864x1536.jpg 864w, https:\/\/gartenstadtgaerten.ch\/wp-content\/uploads\/2022\/11\/20221017_180556-1152x2048.jpg 1152w, https:\/\/gartenstadtgaerten.ch\/wp-content\/uploads\/2022\/11\/20221017_180556-scaled.jpg 1440w\" sizes=\"auto, (max-width: 576px) 100vw, 576px\" \/><figcaption class=\"wp-element-caption\">W\u00e4hrend im Garten die Gem\u00fcse den k\u00fchleren Temperaturen trotzen &#8230;<\/figcaption><\/figure>\n\n\n\n<figure class=\"wp-block-image size-large\"><img loading=\"lazy\" decoding=\"async\" width=\"768\" height=\"1024\" data-id=\"691\" src=\"https:\/\/gartenstadtgaerten.ch\/wp-content\/uploads\/2022\/11\/signal-2022-09-04-14-59-26-463-768x1024.jpg\" alt=\"\" class=\"wp-image-691\" srcset=\"https:\/\/gartenstadtgaerten.ch\/wp-content\/uploads\/2022\/11\/signal-2022-09-04-14-59-26-463-768x1024.jpg 768w, https:\/\/gartenstadtgaerten.ch\/wp-content\/uploads\/2022\/11\/signal-2022-09-04-14-59-26-463-225x300.jpg 225w, https:\/\/gartenstadtgaerten.ch\/wp-content\/uploads\/2022\/11\/signal-2022-09-04-14-59-26-463-1152x1536.jpg 1152w, https:\/\/gartenstadtgaerten.ch\/wp-content\/uploads\/2022\/11\/signal-2022-09-04-14-59-26-463.jpg 1536w\" sizes=\"auto, (max-width: 768px) 100vw, 768px\" \/><figcaption class=\"wp-element-caption\">&#8230; war bereits Einiges davon auf dem Weg in unsere B\u00e4uche &#8230;<\/figcaption><\/figure>\n\n\n\n<figure class=\"wp-block-image size-large\"><img loading=\"lazy\" decoding=\"async\" width=\"810\" height=\"2560\" data-id=\"694\" src=\"https:\/\/gartenstadtgaerten.ch\/wp-content\/uploads\/2022\/11\/20221022_143708-edited-scaled.jpg\" alt=\"\" class=\"wp-image-694\" srcset=\"https:\/\/gartenstadtgaerten.ch\/wp-content\/uploads\/2022\/11\/20221022_143708-edited-scaled.jpg 810w, https:\/\/gartenstadtgaerten.ch\/wp-content\/uploads\/2022\/11\/20221022_143708-edited-95x300.jpg 95w, https:\/\/gartenstadtgaerten.ch\/wp-content\/uploads\/2022\/11\/20221022_143708-edited-324x1024.jpg 324w, https:\/\/gartenstadtgaerten.ch\/wp-content\/uploads\/2022\/11\/20221022_143708-edited-768x2427.jpg 768w, https:\/\/gartenstadtgaerten.ch\/wp-content\/uploads\/2022\/11\/20221022_143708-edited-486x1536.jpg 486w, https:\/\/gartenstadtgaerten.ch\/wp-content\/uploads\/2022\/11\/20221022_143708-edited-648x2048.jpg 648w\" sizes=\"auto, (max-width: 810px) 100vw, 810px\" \/><figcaption class=\"wp-element-caption\">&#8230; bei solch angenehmem Herbstwetter<\/figcaption><\/figure>\n<\/figure>\n\n\n\n<p>Geguckt wurde ein Film der Folge: &#171;Filme f\u00fcr die Erde&#187; wobei die Pflege des Hummus im Vordergrund steht. Solch ein Wissen scheint wertvoll, da es nichtmehr in der breiten Bev\u00f6lkerung an zu treffen ist.<\/p>\n\n\n\n<figure class=\"wp-block-gallery has-nested-images columns-default is-cropped wp-block-gallery-2 is-layout-flex wp-block-gallery-is-layout-flex\">\n<figure class=\"wp-block-image size-large\"><img loading=\"lazy\" decoding=\"async\" width=\"1024\" height=\"576\" data-id=\"697\" src=\"https:\/\/gartenstadtgaerten.ch\/wp-content\/uploads\/2022\/11\/20221022_122535-1024x576.jpg\" alt=\"\" class=\"wp-image-697\" srcset=\"https:\/\/gartenstadtgaerten.ch\/wp-content\/uploads\/2022\/11\/20221022_122535-1024x576.jpg 1024w, https:\/\/gartenstadtgaerten.ch\/wp-content\/uploads\/2022\/11\/20221022_122535-300x169.jpg 300w, https:\/\/gartenstadtgaerten.ch\/wp-content\/uploads\/2022\/11\/20221022_122535-768x432.jpg 768w, https:\/\/gartenstadtgaerten.ch\/wp-content\/uploads\/2022\/11\/20221022_122535-1536x864.jpg 1536w, https:\/\/gartenstadtgaerten.ch\/wp-content\/uploads\/2022\/11\/20221022_122535-2048x1152.jpg 2048w\" sizes=\"auto, (max-width: 1024px) 100vw, 1024px\" \/><\/figure>\n\n\n\n<figure class=\"wp-block-image size-large\"><img loading=\"lazy\" decoding=\"async\" width=\"576\" height=\"1024\" data-id=\"696\" src=\"https:\/\/gartenstadtgaerten.ch\/wp-content\/uploads\/2022\/11\/20221022_145808-576x1024.jpg\" alt=\"\" class=\"wp-image-696\" srcset=\"https:\/\/gartenstadtgaerten.ch\/wp-content\/uploads\/2022\/11\/20221022_145808-576x1024.jpg 576w, https:\/\/gartenstadtgaerten.ch\/wp-content\/uploads\/2022\/11\/20221022_145808-169x300.jpg 169w, https:\/\/gartenstadtgaerten.ch\/wp-content\/uploads\/2022\/11\/20221022_145808-768x1365.jpg 768w, https:\/\/gartenstadtgaerten.ch\/wp-content\/uploads\/2022\/11\/20221022_145808-864x1536.jpg 864w, https:\/\/gartenstadtgaerten.ch\/wp-content\/uploads\/2022\/11\/20221022_145808-1152x2048.jpg 1152w, https:\/\/gartenstadtgaerten.ch\/wp-content\/uploads\/2022\/11\/20221022_145808-scaled.jpg 1440w\" sizes=\"auto, (max-width: 576px) 100vw, 576px\" \/><\/figure>\n\n\n\n<figure class=\"wp-block-image size-large\"><img loading=\"lazy\" decoding=\"async\" width=\"2268\" height=\"2268\" data-id=\"698\" src=\"https:\/\/gartenstadtgaerten.ch\/wp-content\/uploads\/2022\/11\/20221022_151552-edited-rotated.jpg\" alt=\"\" class=\"wp-image-698\" srcset=\"https:\/\/gartenstadtgaerten.ch\/wp-content\/uploads\/2022\/11\/20221022_151552-edited-rotated.jpg 2268w, https:\/\/gartenstadtgaerten.ch\/wp-content\/uploads\/2022\/11\/20221022_151552-edited-300x300.jpg 300w, https:\/\/gartenstadtgaerten.ch\/wp-content\/uploads\/2022\/11\/20221022_151552-edited-1024x1024.jpg 1024w, https:\/\/gartenstadtgaerten.ch\/wp-content\/uploads\/2022\/11\/20221022_151552-edited-150x150.jpg 150w, https:\/\/gartenstadtgaerten.ch\/wp-content\/uploads\/2022\/11\/20221022_151552-edited-768x768.jpg 768w, https:\/\/gartenstadtgaerten.ch\/wp-content\/uploads\/2022\/11\/20221022_151552-edited-1536x1536.jpg 1536w, https:\/\/gartenstadtgaerten.ch\/wp-content\/uploads\/2022\/11\/20221022_151552-edited-2048x2048.jpg 2048w\" sizes=\"auto, (max-width: 2268px) 100vw, 2268px\" \/><\/figure>\n<\/figure>\n\n\n\n<p>Als Gaumenschmaus wurde eine besonders leckere K\u00fcrbissuppe zubereitet. Die Kuchen unserer Mitglieder schmeckten zum z&#8217;Vieri ebenso gut.<\/p>\n","protected":false},"excerpt":{"rendered":"<p>Am 22. Oktober 2022 war es soweit. Wir durften zusammen im Gemeinschaftszentrum Unionplatz einen angenehmen Austausch \u00fcber das vollbrachte Jahr zelebrieren. Geguckt wurde ein Film der Folge: &#171;Filme f\u00fcr die Erde&#187; wobei die Pflege des Hummus im Vordergrund steht. Solch ein Wissen scheint wertvoll, da es nichtmehr in der breiten Bev\u00f6lkerung an zu treffen ist. &hellip; <a href=\"https:\/\/gartenstadtgaerten.ch\/?p=690\" class=\"more-link\"><span class=\"screen-reader-text\">Vereins-Erntedankfest<\/span> weiterlesen <span class=\"meta-nav\">&rarr;<\/span><\/a><\/p>\n","protected":false},"author":4,"featured_media":0,"comment_status":"closed","ping_status":"open","sticky":false,"template":"","format":"standard","meta":{"footnotes":""},"categories":[1],"tags":[22,23,17,21,15,14],"class_list":["post-690","post","type-post","status-publish","format-standard","hentry","category-uncategorized","tag-erntedankfest","tag-filmefuerdieerde","tag-gartenverein","tag-unionplatzwinterthur","tag-verein","tag-winterthur"],"_links":{"self":[{"href":"https:\/\/gartenstadtgaerten.ch\/index.php?rest_route=\/wp\/v2\/posts\/690","targetHints":{"allow":["GET"]}}],"collection":[{"href":"https:\/\/gartenstadtgaerten.ch\/index.php?rest_route=\/wp\/v2\/posts"}],"about":[{"href":"https:\/\/gartenstadtgaerten.ch\/index.php?rest_route=\/wp\/v2\/types\/post"}],"author":[{"embeddable":true,"href":"https:\/\/gartenstadtgaerten.ch\/index.php?rest_route=\/wp\/v2\/users\/4"}],"replies":[{"embeddable":true,"href":"https:\/\/gartenstadtgaerten.ch\/index.php?rest_route=%2Fwp%2Fv2%2Fcomments&post=690"}],"version-history":[{"count":1,"href":"https:\/\/gartenstadtgaerten.ch\/index.php?rest_route=\/wp\/v2\/posts\/690\/revisions"}],"predecessor-version":[{"id":699,"href":"https:\/\/gartenstadtgaerten.ch\/index.php?rest_route=\/wp\/v2\/posts\/690\/revisions\/699"}],"wp:attachment":[{"href":"https:\/\/gartenstadtgaerten.ch\/index.php?rest_route=%2Fwp%2Fv2%2Fmedia&parent=690"}],"wp:term":[{"taxonomy":"category","embeddable":true,"href":"https:\/\/gartenstadtgaerten.ch\/index.php?rest_route=%2Fwp%2Fv2%2Fcategories&post=690"},{"taxonomy":"post_tag","embeddable":true,"href":"https:\/\/gartenstadtgaerten.ch\/index.php?rest_route=%2Fwp%2Fv2%2Ftags&post=690"}],"curies":[{"name":"wp","href":"https:\/\/api.w.org\/{rel}","templated":true}]}}