{"id":368,"date":"2020-02-01T13:29:12","date_gmt":"2020-02-01T13:29:12","guid":{"rendered":"https:\/\/gartenstadtgaerten.ch\/?p=368"},"modified":"2020-04-26T08:01:43","modified_gmt":"2020-04-26T08:01:43","slug":"rueckblick-sommer-2018-singen-im-garten-bueel","status":"publish","type":"post","link":"https:\/\/gartenstadtgaerten.ch\/?p=368","title":{"rendered":"R\u00fcckblick Sommer 2018: Singen im Garten B\u00fcel"},"content":{"rendered":"\n<div class=\"wp-block-group\"><div class=\"wp-block-group__inner-container is-layout-flow wp-block-group-is-layout-flow\">\n<figure class=\"wp-block-gallery columns-3 is-cropped wp-block-gallery-1 is-layout-flex wp-block-gallery-is-layout-flex\"><ul class=\"blocks-gallery-grid\"><li class=\"blocks-gallery-item\"><figure><img loading=\"lazy\" decoding=\"async\" width=\"1024\" height=\"768\" src=\"https:\/\/gartenstadtgaerten.ch\/wp-content\/uploads\/2020\/02\/Singen_Garten-1024x768.jpg\" alt=\"\" data-id=\"369\" data-full-url=\"https:\/\/gartenstadtgaerten.ch\/wp-content\/uploads\/2020\/02\/Singen_Garten.jpg\" data-link=\"https:\/\/gartenstadtgaerten.ch\/?attachment_id=369\" class=\"wp-image-369\" srcset=\"https:\/\/gartenstadtgaerten.ch\/wp-content\/uploads\/2020\/02\/Singen_Garten-1024x768.jpg 1024w, https:\/\/gartenstadtgaerten.ch\/wp-content\/uploads\/2020\/02\/Singen_Garten-300x225.jpg 300w, https:\/\/gartenstadtgaerten.ch\/wp-content\/uploads\/2020\/02\/Singen_Garten-768x576.jpg 768w, https:\/\/gartenstadtgaerten.ch\/wp-content\/uploads\/2020\/02\/Singen_Garten.jpg 1280w\" sizes=\"auto, (max-width: 1024px) 100vw, 1024px\" \/><\/figure><\/li><li class=\"blocks-gallery-item\"><figure><img loading=\"lazy\" decoding=\"async\" width=\"1024\" height=\"768\" src=\"https:\/\/gartenstadtgaerten.ch\/wp-content\/uploads\/2020\/02\/Singen_Garten_2-1024x768.jpg\" alt=\"\" data-id=\"370\" data-full-url=\"https:\/\/gartenstadtgaerten.ch\/wp-content\/uploads\/2020\/02\/Singen_Garten_2.jpg\" data-link=\"https:\/\/gartenstadtgaerten.ch\/?attachment_id=370\" class=\"wp-image-370\" srcset=\"https:\/\/gartenstadtgaerten.ch\/wp-content\/uploads\/2020\/02\/Singen_Garten_2-1024x768.jpg 1024w, https:\/\/gartenstadtgaerten.ch\/wp-content\/uploads\/2020\/02\/Singen_Garten_2-300x225.jpg 300w, https:\/\/gartenstadtgaerten.ch\/wp-content\/uploads\/2020\/02\/Singen_Garten_2-768x576.jpg 768w, https:\/\/gartenstadtgaerten.ch\/wp-content\/uploads\/2020\/02\/Singen_Garten_2.jpg 1280w\" sizes=\"auto, (max-width: 1024px) 100vw, 1024px\" \/><\/figure><\/li><li class=\"blocks-gallery-item\"><figure><img loading=\"lazy\" decoding=\"async\" width=\"768\" height=\"1024\" src=\"https:\/\/gartenstadtgaerten.ch\/wp-content\/uploads\/2020\/02\/IMG_91782924-768x1024.jpg\" alt=\"\" data-id=\"374\" data-full-url=\"https:\/\/gartenstadtgaerten.ch\/wp-content\/uploads\/2020\/02\/IMG_91782924-scaled.jpg\" data-link=\"https:\/\/gartenstadtgaerten.ch\/?attachment_id=374\" class=\"wp-image-374\" srcset=\"https:\/\/gartenstadtgaerten.ch\/wp-content\/uploads\/2020\/02\/IMG_91782924-768x1024.jpg 768w, https:\/\/gartenstadtgaerten.ch\/wp-content\/uploads\/2020\/02\/IMG_91782924-225x300.jpg 225w, https:\/\/gartenstadtgaerten.ch\/wp-content\/uploads\/2020\/02\/IMG_91782924-1152x1536.jpg 1152w, https:\/\/gartenstadtgaerten.ch\/wp-content\/uploads\/2020\/02\/IMG_91782924-1536x2048.jpg 1536w, https:\/\/gartenstadtgaerten.ch\/wp-content\/uploads\/2020\/02\/IMG_91782924-scaled.jpg 1920w\" sizes=\"auto, (max-width: 768px) 100vw, 768px\" \/><\/figure><\/li><\/ul><\/figure>\n<\/div><\/div>\n\n\n\n<blockquote class=\"wp-block-quote is-layout-flow wp-block-quote-is-layout-flow\"><p>Am 28. Mai 2018 hatten wir einen ganz besonderen, \u00f6ffentlichen Anlass im Gemeinschaftsgarten: Karin Jana Beck und Matthias Gerber leiteten ein Stimmvolk-Singen. Es war ein wunderbarer Fr\u00fchlingstag und die 30 Leute haben das Singen unter den B\u00e4umen sehr genossen. Sogar die V\u00f6gel zwitscherten manchmal mit!<\/p><\/blockquote>\n","protected":false},"excerpt":{"rendered":"<p>Am 28. Mai 2018 hatten wir einen ganz besonderen, \u00f6ffentlichen Anlass im Gemeinschaftsgarten: Karin Jana Beck und Matthias Gerber leiteten ein Stimmvolk-Singen. Es war ein wunderbarer Fr\u00fchlingstag und die 30 Leute haben das Singen unter den B\u00e4umen sehr genossen. Sogar die V\u00f6gel zwitscherten manchmal mit!<\/p>\n","protected":false},"author":1,"featured_media":0,"comment_status":"closed","ping_status":"open","sticky":false,"template":"","format":"standard","meta":{"footnotes":""},"categories":[1],"tags":[],"class_list":["post-368","post","type-post","status-publish","format-standard","hentry","category-uncategorized"],"_links":{"self":[{"href":"https:\/\/gartenstadtgaerten.ch\/index.php?rest_route=\/wp\/v2\/posts\/368","targetHints":{"allow":["GET"]}}],"collection":[{"href":"https:\/\/gartenstadtgaerten.ch\/index.php?rest_route=\/wp\/v2\/posts"}],"about":[{"href":"https:\/\/gartenstadtgaerten.ch\/index.php?rest_route=\/wp\/v2\/types\/post"}],"author":[{"embeddable":true,"href":"https:\/\/gartenstadtgaerten.ch\/index.php?rest_route=\/wp\/v2\/users\/1"}],"replies":[{"embeddable":true,"href":"https:\/\/gartenstadtgaerten.ch\/index.php?rest_route=%2Fwp%2Fv2%2Fcomments&post=368"}],"version-history":[{"count":2,"href":"https:\/\/gartenstadtgaerten.ch\/index.php?rest_route=\/wp\/v2\/posts\/368\/revisions"}],"predecessor-version":[{"id":376,"href":"https:\/\/gartenstadtgaerten.ch\/index.php?rest_route=\/wp\/v2\/posts\/368\/revisions\/376"}],"wp:attachment":[{"href":"https:\/\/gartenstadtgaerten.ch\/index.php?rest_route=%2Fwp%2Fv2%2Fmedia&parent=368"}],"wp:term":[{"taxonomy":"category","embeddable":true,"href":"https:\/\/gartenstadtgaerten.ch\/index.php?rest_route=%2Fwp%2Fv2%2Fcategories&post=368"},{"taxonomy":"post_tag","embeddable":true,"href":"https:\/\/gartenstadtgaerten.ch\/index.php?rest_route=%2Fwp%2Fv2%2Ftags&post=368"}],"curies":[{"name":"wp","href":"https:\/\/api.w.org\/{rel}","templated":true}]}}