{"id":267,"date":"2018-08-10T09:28:43","date_gmt":"2018-08-10T07:28:43","guid":{"rendered":"http:\/\/www.gartenstadtgaerten.ch\/?p=267"},"modified":"2018-08-10T09:28:43","modified_gmt":"2018-08-10T07:28:43","slug":"mattenbach-kartoffelernte-in-einem-sehr-trockenen-jahr-lilly-und-queen-anne","status":"publish","type":"post","link":"https:\/\/gartenstadtgaerten.ch\/?p=267","title":{"rendered":"Mattenbach &#8211; Kartoffelernte in einem sehr trockenen Jahr &#8211; Lilly und Queen Anne"},"content":{"rendered":"<p>\t\t\t\tAnders als in den letzten Jahren, wo wir schweiztypische Verdelungssorten wie <a href=\"https:\/\/www.terralog.ch\/de\/produkte\/speisekartoffeln\/sorten\/agria.html\">Agria<\/a>\u00a0oder <a href=\"https:\/\/bergkartoffeln.ch\/sorten\/blaue-st-galler\/\">Blaue St.Galler<\/a>\u00a0nach den Z\u00fcchtungskriterien von <a href=\"https:\/\/www.prospecierara.ch\/de\/kartoffeln\/kartoffel\">Pro Specia Rara<\/a>\u00a0angebaut haben, haben wir uns dieses Jahr f\u00fcr <a href=\"https:\/\/www.solana.de\/kartoffelsorten-detail\/items\/lilly.html?pdf=create&amp;id=24\">Lilly<\/a>\u00a0und <a href=\"https:\/\/www.solana.de\/kartoffelsorten-detail\/items\/Queen_Anne.html?pdf=create&amp;id=36\">Queen Anne<\/a>\u00a0entschieden. Zur Verf\u00fcgung gestellt durch den Vater eines Vereinsmitgliedes, der selbst hunderte Hektar Kartoffeln\u00a0 in seinem Betrieb selbst anbaut, wollten wir \u00fcberpr\u00fcfen, wie unser lehmiger Boden beide Kartoffelsorten aufnimmt. Das Wetter des Jahres 2018 machte uns jedoch gewaltig einen Strich durch die Rechnung, wodurch beide fr\u00fchen Sorten, Lilly mehlig-kochend, sowie Queen Anne festkochend, \u00fcberdurchschnittlich viele Untergr\u00f6ssen aufwiesen, wie auch auf dem Beitragsbild zu erkennen ist. Geschmack und Kocheigenschaften der mehligen Lilly ver\u00e4nderten sich je nach Erntezeitpunkt noch etwas vom ganz mehligen Zustand in einen etwas festeren Zustand bei den zu letzt geernteten Pflanzen. Zusammenfassend kann man sagen, dass 2018 einfach kein gutes Kartoffeljahr ist, dass der Gemeinschaftsgarten Mattenbach mit seiner Ausbeute trotzalledem zufrieden sein kann, da die Kartoffeln trotz vergr\u00f6ssertem Sch\u00e4laufwand aufgrund der vielen Untergr\u00f6ssen verz\u00fcglich schmecken.<\/p>\n<p>Welche Sorten wir im n\u00e4chsten Jahr anbauen, entschieden wir wie jedes Jahr rund um den Jahreswechsel in unserer Anbauplanung.<\/p>\n<p>&nbsp;\t\t<\/p>\n","protected":false},"excerpt":{"rendered":"<p>Anders als in den letzten Jahren, wo wir schweiztypische Verdelungssorten wie Agria\u00a0oder Blaue St.Galler\u00a0nach den Z\u00fcchtungskriterien von Pro Specia Rara\u00a0angebaut haben, haben wir uns dieses Jahr f\u00fcr Lilly\u00a0und Queen Anne\u00a0entschieden. Zur Verf\u00fcgung gestellt durch den Vater eines Vereinsmitgliedes, der selbst hunderte Hektar Kartoffeln\u00a0 in seinem Betrieb selbst anbaut, wollten wir \u00fcberpr\u00fcfen, wie unser lehmiger Boden &hellip; <a href=\"https:\/\/gartenstadtgaerten.ch\/?p=267\" class=\"more-link\"><span class=\"screen-reader-text\">Mattenbach &#8211; Kartoffelernte in einem sehr trockenen Jahr &#8211; Lilly und Queen Anne<\/span> weiterlesen <span class=\"meta-nav\">&rarr;<\/span><\/a><\/p>\n","protected":false},"author":2,"featured_media":268,"comment_status":"open","ping_status":"open","sticky":false,"template":"","format":"image","meta":{"footnotes":""},"categories":[2],"tags":[3,5,6],"class_list":["post-267","post","type-post","status-publish","format-image","has-post-thumbnail","hentry","category-allgemein","tag-3","tag-kartoffeln","tag-mattenbach","post_format-post-format-image"],"_links":{"self":[{"href":"https:\/\/gartenstadtgaerten.ch\/index.php?rest_route=\/wp\/v2\/posts\/267","targetHints":{"allow":["GET"]}}],"collection":[{"href":"https:\/\/gartenstadtgaerten.ch\/index.php?rest_route=\/wp\/v2\/posts"}],"about":[{"href":"https:\/\/gartenstadtgaerten.ch\/index.php?rest_route=\/wp\/v2\/types\/post"}],"author":[{"embeddable":true,"href":"https:\/\/gartenstadtgaerten.ch\/index.php?rest_route=\/wp\/v2\/users\/2"}],"replies":[{"embeddable":true,"href":"https:\/\/gartenstadtgaerten.ch\/index.php?rest_route=%2Fwp%2Fv2%2Fcomments&post=267"}],"version-history":[{"count":0,"href":"https:\/\/gartenstadtgaerten.ch\/index.php?rest_route=\/wp\/v2\/posts\/267\/revisions"}],"wp:featuredmedia":[{"embeddable":true,"href":"https:\/\/gartenstadtgaerten.ch\/index.php?rest_route=\/"}],"wp:attachment":[{"href":"https:\/\/gartenstadtgaerten.ch\/index.php?rest_route=%2Fwp%2Fv2%2Fmedia&parent=267"}],"wp:term":[{"taxonomy":"category","embeddable":true,"href":"https:\/\/gartenstadtgaerten.ch\/index.php?rest_route=%2Fwp%2Fv2%2Fcategories&post=267"},{"taxonomy":"post_tag","embeddable":true,"href":"https:\/\/gartenstadtgaerten.ch\/index.php?rest_route=%2Fwp%2Fv2%2Ftags&post=267"}],"curies":[{"name":"wp","href":"https:\/\/api.w.org\/{rel}","templated":true}]}}