{"id":227,"date":"2017-08-31T23:28:12","date_gmt":"2017-08-31T21:28:12","guid":{"rendered":"http:\/\/www.gartenstadtgaerten.ch\/?p=227"},"modified":"2017-08-31T23:28:12","modified_gmt":"2017-08-31T21:28:12","slug":"verein-gartenstadtgaerten-am-filme-fuer-die-erde-festival","status":"publish","type":"post","link":"https:\/\/gartenstadtgaerten.ch\/?p=227","title":{"rendered":"Verein Gartenstadtg\u00e4rten am Filme f\u00fcr die Erde Festival Winterthur"},"content":{"rendered":"<p>\t\t\t\tDer Verein Gartenstadtg\u00e4rten ist am diesj\u00e4hrigen Filme f\u00fcr die Erde Festival in Winterthur mit einem Stand vertreten. Komm vorbei!<\/p>\n<div class=\"page\" title=\"Page 1\">\n<div class=\"layoutArea\">\n<div class=\"column\">\n<p>Entdecke, was diesen Planeten bewegt. Wie wichtig sind gesunde Korallen f\u00fcr unsere Ozeane? K\u00f6nnen Aktivisten eine korrupte Regierung st\u00fcrzen und die Regenwaldabholzung stoppen? Unter welchen Bedingungen wird eigentlich ein Smartphone produziert? Und wie jagt ein Leopard in der Stadt?<\/p>\n<p><img loading=\"lazy\" decoding=\"async\" class=\"alignnone size-medium wp-image-228\" src=\"http:\/\/www.gartenstadtgaerten.ch\/wp-content\/uploads\/2017\/08\/ffde_festival2017_logo_swisscom_datum-300x135.jpg\" alt=\"\" width=\"300\" height=\"135\" \/><\/p>\n<p>Am 7. Filme f\u00fcr die Erde Festival am Freitag, 22. September 2017 geben 6 ausgew\u00e4hlte und hochkar\u00e4tige Filme Einblick in das Thema Nachhaltigkeit. Das Festival findet in 17 Schweizer St\u00e4dten gleichzeitig statt und bietet neben den Filmvorf\u00fchrungen interessante Ausstellungen, Ap\u00e9ros und gratis DVDs zum Weitergeben. Der Eintritt ist kostenlos (Ausnahme Lunchkino).<br \/>\nMehr zum Festival unter www.FILMEfuerdieERDE.org\/festival<\/p>\n<\/div>\n<\/div>\n<\/div>\n<p>&nbsp;\t\t<\/p>\n","protected":false},"excerpt":{"rendered":"<p>Der Verein Gartenstadtg\u00e4rten ist am diesj\u00e4hrigen Filme f\u00fcr die Erde Festival in Winterthur mit einem Stand vertreten. Komm vorbei! Entdecke, was diesen Planeten bewegt. Wie wichtig sind gesunde Korallen f\u00fcr unsere Ozeane? K\u00f6nnen Aktivisten eine korrupte Regierung st\u00fcrzen und die Regenwaldabholzung stoppen? Unter welchen Bedingungen wird eigentlich ein Smartphone produziert? Und wie jagt ein Leopard &hellip; <a href=\"https:\/\/gartenstadtgaerten.ch\/?p=227\" class=\"more-link\"><span class=\"screen-reader-text\">Verein Gartenstadtg\u00e4rten am Filme f\u00fcr die Erde Festival Winterthur<\/span> weiterlesen <span class=\"meta-nav\">&rarr;<\/span><\/a><\/p>\n","protected":false},"author":1,"featured_media":229,"comment_status":"open","ping_status":"open","sticky":false,"template":"","format":"image","meta":{"footnotes":""},"categories":[2],"tags":[],"class_list":["post-227","post","type-post","status-publish","format-image","has-post-thumbnail","hentry","category-allgemein","post_format-post-format-image"],"_links":{"self":[{"href":"https:\/\/gartenstadtgaerten.ch\/index.php?rest_route=\/wp\/v2\/posts\/227","targetHints":{"allow":["GET"]}}],"collection":[{"href":"https:\/\/gartenstadtgaerten.ch\/index.php?rest_route=\/wp\/v2\/posts"}],"about":[{"href":"https:\/\/gartenstadtgaerten.ch\/index.php?rest_route=\/wp\/v2\/types\/post"}],"author":[{"embeddable":true,"href":"https:\/\/gartenstadtgaerten.ch\/index.php?rest_route=\/wp\/v2\/users\/1"}],"replies":[{"embeddable":true,"href":"https:\/\/gartenstadtgaerten.ch\/index.php?rest_route=%2Fwp%2Fv2%2Fcomments&post=227"}],"version-history":[{"count":0,"href":"https:\/\/gartenstadtgaerten.ch\/index.php?rest_route=\/wp\/v2\/posts\/227\/revisions"}],"wp:featuredmedia":[{"embeddable":true,"href":"https:\/\/gartenstadtgaerten.ch\/index.php?rest_route=\/"}],"wp:attachment":[{"href":"https:\/\/gartenstadtgaerten.ch\/index.php?rest_route=%2Fwp%2Fv2%2Fmedia&parent=227"}],"wp:term":[{"taxonomy":"category","embeddable":true,"href":"https:\/\/gartenstadtgaerten.ch\/index.php?rest_route=%2Fwp%2Fv2%2Fcategories&post=227"},{"taxonomy":"post_tag","embeddable":true,"href":"https:\/\/gartenstadtgaerten.ch\/index.php?rest_route=%2Fwp%2Fv2%2Ftags&post=227"}],"curies":[{"name":"wp","href":"https:\/\/api.w.org\/{rel}","templated":true}]}}